{"id":4304,"date":"2025-11-10T13:11:33","date_gmt":"2025-11-10T11:11:33","guid":{"rendered":"https:\/\/panoramafest.gr\/?p=4304"},"modified":"2025-11-13T17:58:05","modified_gmt":"2025-11-13T15:58:05","slug":"sorella-di-clausura","status":"publish","type":"post","link":"https:\/\/panoramafest.gr\/en\/sorella-di-clausura\/","title":{"rendered":"SORELLA DI CLAUSURA"},"content":{"rendered":"<p><strong>Digital Pre-Sale : <a href=\"https:\/\/www.more.com\/gr-el\/tickets\/cinema\/festival\/38o-panorama-europaikou-kinimatografou\">more.com<\/a> | Book your ticket quickly and easily!<\/strong><\/p>\n\n\n\n<p>Romania, Serbia, Italy, Spain - 2025 - Color - 107\u2019<br><br><em><br><em><em><em>Dir.: Ivana Mladenovi\u0107 | Scr.: Ivana Mladenovi\u0107, Adrian Schiop, Momir Milosevi\u0107 | Cin.: Marius Panduru | Ed.: Vanja Kovacevic | Mus.: Toni Cutrone, Andrei Dinescu | Cast: Katia Pascariu, Cendana Trifan, Miodrag Mladenovi\u0107, Arnold Kelsch | Prod.: Ada Solomon, Ivana Mladenovi\u0107<\/em><\/em><\/em><\/em><\/p>\n\n\n\n<p>Sorella di Clausura is a black comedy that follows the adventures of Stella, a 36-year-old woman with a higher education who\u2019s unable to find a job and is obsessed with a Balkan pop star. The film uses overdramatic situations and non-linear narrative to explore themes of desire, social anxiety, and frustration, particularly in the context of Romania's economic difficulties following its EU accession. It is a politically charged, satirical look at the gap between dreams and reality, as well as the transactional nature of relationships in an image-obsessed society. <br><br>World premiere in the Competition Section of Locarno.<\/p>\n\n\n\n<figure class=\"wp-block-embed is-type-video is-provider-youtube wp-block-embed-youtube wp-embed-aspect-16-9 wp-has-aspect-ratio\"><div class=\"wp-block-embed__wrapper\">\n<iframe title=\"Sorella di Clausura | Taifas 2025\" width=\"720\" height=\"405\" src=\"https:\/\/www.youtube.com\/embed\/ePQBTkisfrc?feature=oembed\" frameborder=\"0\" allow=\"accelerometer; autoplay; clipboard-write; encrypted-media; gyroscope; picture-in-picture; web-share\" referrerpolicy=\"strict-origin-when-cross-origin\" allowfullscreen><\/iframe>\n<\/div><\/figure>","protected":false},"excerpt":{"rendered":"<p>by Ivana Mladenovi\u0107 <\/p>","protected":false},"author":2,"featured_media":4305,"comment_status":"closed","ping_status":"closed","sticky":false,"template":"","format":"standard","meta":{"_kad_post_transparent":"","_kad_post_title":"","_kad_post_layout":"","_kad_post_sidebar_id":"","_kad_post_content_style":"","_kad_post_vertical_padding":"","_kad_post_feature":"","_kad_post_feature_position":"","_kad_post_header":false,"_kad_post_footer":false,"footnotes":""},"categories":[15,4],"tags":[74,61,63],"class_list":["post-4304","post","type-post","status-publish","format-standard","has-post-thumbnail","hentry","category-evropaiko-diagonistiko-tmima","category-tainies","tag-38-","tag-61","tag-63"],"_links":{"self":[{"href":"https:\/\/panoramafest.gr\/en\/wp-json\/wp\/v2\/posts\/4304","targetHints":{"allow":["GET"]}}],"collection":[{"href":"https:\/\/panoramafest.gr\/en\/wp-json\/wp\/v2\/posts"}],"about":[{"href":"https:\/\/panoramafest.gr\/en\/wp-json\/wp\/v2\/types\/post"}],"author":[{"embeddable":true,"href":"https:\/\/panoramafest.gr\/en\/wp-json\/wp\/v2\/users\/2"}],"replies":[{"embeddable":true,"href":"https:\/\/panoramafest.gr\/en\/wp-json\/wp\/v2\/comments?post=4304"}],"version-history":[{"count":2,"href":"https:\/\/panoramafest.gr\/en\/wp-json\/wp\/v2\/posts\/4304\/revisions"}],"predecessor-version":[{"id":4582,"href":"https:\/\/panoramafest.gr\/en\/wp-json\/wp\/v2\/posts\/4304\/revisions\/4582"}],"wp:featuredmedia":[{"embeddable":true,"href":"https:\/\/panoramafest.gr\/en\/wp-json\/wp\/v2\/media\/4305"}],"wp:attachment":[{"href":"https:\/\/panoramafest.gr\/en\/wp-json\/wp\/v2\/media?parent=4304"}],"wp:term":[{"taxonomy":"category","embeddable":true,"href":"https:\/\/panoramafest.gr\/en\/wp-json\/wp\/v2\/categories?post=4304"},{"taxonomy":"post_tag","embeddable":true,"href":"https:\/\/panoramafest.gr\/en\/wp-json\/wp\/v2\/tags?post=4304"}],"curies":[{"name":"wp","href":"https:\/\/api.w.org\/{rel}","templated":true}]}}