{"id":4294,"date":"2025-11-10T13:11:34","date_gmt":"2025-11-10T11:11:34","guid":{"rendered":"https:\/\/panoramafest.gr\/?p=4294"},"modified":"2025-11-13T18:01:00","modified_gmt":"2025-11-13T16:01:00","slug":"se-meg-dont-call-me-mama","status":"publish","type":"post","link":"https:\/\/panoramafest.gr\/en\/se-meg-dont-call-me-mama\/","title":{"rendered":"DON'T CALL ME MAMA"},"content":{"rendered":"<p><strong>Digital Pre-Sale : <a href=\"https:\/\/www.more.com\/gr-el\/tickets\/cinema\/festival\/38o-panorama-europaikou-kinimatografou\">more.com<\/a> | Book your ticket quickly and easily!<\/strong><\/p>\n\n\n\n<p><em><em>Norway \u2013 2025 \u2013 Color \u2013 108\u2019<\/em><\/em><br><em><br><em>Dir.: Nina Knag | Scr.: Nina Knag, Kathrine Valen Zeiner | Cin.: Alvilde Horjen Naterstad | Ed.: Vidar Flataukan | Mus.: Olav R\u00f8yrhus \u00d8yehaug | Cast: Pia Tjelta, Tarek Zayat, Kristoffer Joner | Prod.: El\u00e9onore Anselme, Ingrid Skagestad<\/em><\/em><\/p>\n\n\n\n<p>Eva, a popular high school teacher and wife of the mayor, falls in love with an 18-year-old refugee who captivates her with his poetic talent. Their forbidden relationship has a disastrous impact on both.<\/p>\n\n\n\n<p>In her directorial debut, Norwegian filmmaker Nina Knag presents a powerful drama that, through a taboo love affair, explores the true face of both the individual and Western society. With deeply layered characters and compelling performances, the film offers a sharp study of how power and hypocrisy often hide behind a fa\u00e7ade of generosity and empathy. How easily can selfish desire blind us\u2014even to the suffering of those displaced by war and poverty? <\/p>\n\n\n\n<p>Best Actress Award for Pia Tjelta at the Karlovy Vary Festival.<\/p>\n\n\n\n<figure class=\"wp-block-embed is-type-video is-provider-youtube wp-block-embed-youtube wp-embed-aspect-16-9 wp-has-aspect-ratio\"><div class=\"wp-block-embed__wrapper\">\n<iframe title=\"Trailer de Se meg \u2014 Don&#039;t Call Me Mama subtitulado en espa\u00f1ol (HD)\" width=\"720\" height=\"405\" src=\"https:\/\/www.youtube.com\/embed\/LDAghjMlnR4?feature=oembed\" frameborder=\"0\" allow=\"accelerometer; autoplay; clipboard-write; encrypted-media; gyroscope; picture-in-picture; web-share\" referrerpolicy=\"strict-origin-when-cross-origin\" allowfullscreen><\/iframe>\n<\/div><\/figure>\n\n\n\n<p><\/p>","protected":false},"excerpt":{"rendered":"<p>by Nina Knag<\/p>","protected":false},"author":2,"featured_media":4295,"comment_status":"closed","ping_status":"closed","sticky":false,"template":"","format":"standard","meta":{"_kad_post_transparent":"","_kad_post_title":"","_kad_post_layout":"","_kad_post_sidebar_id":"","_kad_post_content_style":"","_kad_post_vertical_padding":"","_kad_post_feature":"","_kad_post_feature_position":"","_kad_post_header":false,"_kad_post_footer":false,"footnotes":""},"categories":[15,4],"tags":[74,61,63],"class_list":["post-4294","post","type-post","status-publish","format-standard","has-post-thumbnail","hentry","category-evropaiko-diagonistiko-tmima","category-tainies","tag-38-","tag-61","tag-63"],"_links":{"self":[{"href":"https:\/\/panoramafest.gr\/en\/wp-json\/wp\/v2\/posts\/4294","targetHints":{"allow":["GET"]}}],"collection":[{"href":"https:\/\/panoramafest.gr\/en\/wp-json\/wp\/v2\/posts"}],"about":[{"href":"https:\/\/panoramafest.gr\/en\/wp-json\/wp\/v2\/types\/post"}],"author":[{"embeddable":true,"href":"https:\/\/panoramafest.gr\/en\/wp-json\/wp\/v2\/users\/2"}],"replies":[{"embeddable":true,"href":"https:\/\/panoramafest.gr\/en\/wp-json\/wp\/v2\/comments?post=4294"}],"version-history":[{"count":2,"href":"https:\/\/panoramafest.gr\/en\/wp-json\/wp\/v2\/posts\/4294\/revisions"}],"predecessor-version":[{"id":4590,"href":"https:\/\/panoramafest.gr\/en\/wp-json\/wp\/v2\/posts\/4294\/revisions\/4590"}],"wp:featuredmedia":[{"embeddable":true,"href":"https:\/\/panoramafest.gr\/en\/wp-json\/wp\/v2\/media\/4295"}],"wp:attachment":[{"href":"https:\/\/panoramafest.gr\/en\/wp-json\/wp\/v2\/media?parent=4294"}],"wp:term":[{"taxonomy":"category","embeddable":true,"href":"https:\/\/panoramafest.gr\/en\/wp-json\/wp\/v2\/categories?post=4294"},{"taxonomy":"post_tag","embeddable":true,"href":"https:\/\/panoramafest.gr\/en\/wp-json\/wp\/v2\/tags?post=4294"}],"curies":[{"name":"wp","href":"https:\/\/api.w.org\/{rel}","templated":true}]}}