{"id":3399,"date":"2025-08-19T10:30:50","date_gmt":"2025-08-19T08:30:50","guid":{"rendered":"https:\/\/panoramafest.gr\/?p=3399"},"modified":"2025-09-06T11:38:13","modified_gmt":"2025-09-06T09:38:13","slug":"stathmos-apoxairetismou","status":"publish","type":"post","link":"https:\/\/panoramafest.gr\/en\/stathmos-apoxairetismou\/","title":{"rendered":"La Jet\u00e9e"},"content":{"rendered":"<p class=\"wp-embed-aspect-16-9 wp-has-aspect-ratio\">1962 | France | B&amp;W | 28\u2019<\/p>\n\n\n\n<p>Dir.:&nbsp; <strong>Chris Marker<\/strong> | Scr.: <strong>Chris Marker<\/strong> | Cast: <strong>H\u00e9l\u00e8ne Ch\u00e2telain, Davos Hanich, Jacques Ledoux.&nbsp;<\/strong><\/p>\n\n\n\n<p>During a Third World War, a boy witnesses a man dying at an airport and is haunted by the incident. Later, as an adult, in an attempt to save humanity, he participates in experimental time-travel journeys to various periods of the past, eventually falling in love with a woman who awaits him in all places and all times.\nComposed of still photographs rather than moving images, the short film La Jet\u00e9e continues to captivate filmmakers and cinephiles, being profoundly bold in its simplicity. The celebrated film essayist Chris Marker uses only black-and-white frames that exude mystery and menace, snippets of music, and brief narration\u2014with a complete absence of dialogue between characters\u2014to convey his story.&nbsp;<\/p>\n\n\n\n<p><strong>at ELLINIS cinemax. <\/strong><a href=\"https:\/\/www.more.com\/gr-el\/tickets\/cinema\/summer\/38o-panorama-profestibaliki-ebdomada\/\" data-type=\"link\" data-id=\"https:\/\/www.more.com\/gr-el\/tickets\/cinema\/summer\/38o-panorama-profestibaliki-ebdomada\/\">\u0392ook your ticket now<\/a><\/p>\n\n\n\n<figure class=\"wp-block-embed is-type-video is-provider-youtube wp-block-embed-youtube wp-embed-aspect-4-3 wp-has-aspect-ratio\"><div class=\"wp-block-embed__wrapper\">\n<iframe title=\"La Jet\u00e9e (1962) Trailer\" width=\"720\" height=\"540\" src=\"https:\/\/www.youtube.com\/embed\/WstrUci5Fbg?feature=oembed\" frameborder=\"0\" allow=\"accelerometer; autoplay; clipboard-write; encrypted-media; gyroscope; picture-in-picture; web-share\" referrerpolicy=\"strict-origin-when-cross-origin\" allowfullscreen><\/iframe>\n<\/div><\/figure>\n\n\n\n<p><\/p>","protected":false},"excerpt":{"rendered":"<p>by Chris Marker<\/p>","protected":false},"author":2,"featured_media":3400,"comment_status":"closed","ping_status":"closed","sticky":false,"template":"","format":"standard","meta":{"_kad_post_transparent":"","_kad_post_title":"","_kad_post_layout":"","_kad_post_sidebar_id":"","_kad_post_content_style":"","_kad_post_vertical_padding":"","_kad_post_feature":"","_kad_post_feature_position":"","_kad_post_header":false,"_kad_post_footer":false,"footnotes":""},"categories":[81],"tags":[74,77,63],"class_list":["post-3399","post","type-post","status-publish","format-standard","has-post-thumbnail","hentry","category-aihmalwtoi-sti-mihani-tou-hronou","tag-38-","tag-77","tag-63"],"_links":{"self":[{"href":"https:\/\/panoramafest.gr\/en\/wp-json\/wp\/v2\/posts\/3399","targetHints":{"allow":["GET"]}}],"collection":[{"href":"https:\/\/panoramafest.gr\/en\/wp-json\/wp\/v2\/posts"}],"about":[{"href":"https:\/\/panoramafest.gr\/en\/wp-json\/wp\/v2\/types\/post"}],"author":[{"embeddable":true,"href":"https:\/\/panoramafest.gr\/en\/wp-json\/wp\/v2\/users\/2"}],"replies":[{"embeddable":true,"href":"https:\/\/panoramafest.gr\/en\/wp-json\/wp\/v2\/comments?post=3399"}],"version-history":[{"count":6,"href":"https:\/\/panoramafest.gr\/en\/wp-json\/wp\/v2\/posts\/3399\/revisions"}],"predecessor-version":[{"id":3689,"href":"https:\/\/panoramafest.gr\/en\/wp-json\/wp\/v2\/posts\/3399\/revisions\/3689"}],"wp:featuredmedia":[{"embeddable":true,"href":"https:\/\/panoramafest.gr\/en\/wp-json\/wp\/v2\/media\/3400"}],"wp:attachment":[{"href":"https:\/\/panoramafest.gr\/en\/wp-json\/wp\/v2\/media?parent=3399"}],"wp:term":[{"taxonomy":"category","embeddable":true,"href":"https:\/\/panoramafest.gr\/en\/wp-json\/wp\/v2\/categories?post=3399"},{"taxonomy":"post_tag","embeddable":true,"href":"https:\/\/panoramafest.gr\/en\/wp-json\/wp\/v2\/tags?post=3399"}],"curies":[{"name":"wp","href":"https:\/\/api.w.org\/{rel}","templated":true}]}}